{"id":1987,"date":"2024-11-12T13:19:33","date_gmt":"2024-11-12T13:19:33","guid":{"rendered":"https:\/\/leader.galcetateabucovinei.ro\/?p=1987"},"modified":"2024-11-22T11:04:38","modified_gmt":"2024-11-22T11:04:38","slug":"intalnire-gal-balaceana","status":"publish","type":"post","link":"https:\/\/leader.galcetateabucovinei.ro\/index.php\/2024\/11\/12\/intalnire-gal-balaceana\/","title":{"rendered":"\u00cent\u00e2lnire GAL B\u0103l\u0103ceana"},"content":{"rendered":"\n<p class=\"has-text-align-center\">\u00cent\u00e2lnire GAL B\u0103l\u0103ceana<\/p>\n\n\n<div class=\"wp-block-image\">\n<figure class=\"aligncenter size-full\"><img fetchpriority=\"high\" decoding=\"async\" width=\"842\" height=\"1191\" src=\"https:\/\/leader.galcetateabucovinei.ro\/wp-content\/uploads\/2024\/11\/anunt-balaceana_001.jpg\" alt=\"\" class=\"wp-image-2138\" srcset=\"https:\/\/leader.galcetateabucovinei.ro\/wp-content\/uploads\/2024\/11\/anunt-balaceana_001.jpg 842w, https:\/\/leader.galcetateabucovinei.ro\/wp-content\/uploads\/2024\/11\/anunt-balaceana_001-212x300.jpg 212w, https:\/\/leader.galcetateabucovinei.ro\/wp-content\/uploads\/2024\/11\/anunt-balaceana_001-724x1024.jpg 724w, https:\/\/leader.galcetateabucovinei.ro\/wp-content\/uploads\/2024\/11\/anunt-balaceana_001-768x1086.jpg 768w\" sizes=\"(max-width: 842px) 100vw, 842px\" \/><\/figure>\n<\/div>","protected":false},"excerpt":{"rendered":"<p>\u00cent\u00e2lnire GAL B\u0103l\u0103ceana<\/p>\n","protected":false},"author":1,"featured_media":0,"comment_status":"closed","ping_status":"closed","sticky":false,"template":"elementor_theme","format":"standard","meta":{"footnotes":""},"categories":[1],"tags":[],"class_list":["post-1987","post","type-post","status-publish","format-standard","hentry","category-uncategorized"],"_links":{"self":[{"href":"https:\/\/leader.galcetateabucovinei.ro\/index.php\/wp-json\/wp\/v2\/posts\/1987","targetHints":{"allow":["GET"]}}],"collection":[{"href":"https:\/\/leader.galcetateabucovinei.ro\/index.php\/wp-json\/wp\/v2\/posts"}],"about":[{"href":"https:\/\/leader.galcetateabucovinei.ro\/index.php\/wp-json\/wp\/v2\/types\/post"}],"author":[{"embeddable":true,"href":"https:\/\/leader.galcetateabucovinei.ro\/index.php\/wp-json\/wp\/v2\/users\/1"}],"replies":[{"embeddable":true,"href":"https:\/\/leader.galcetateabucovinei.ro\/index.php\/wp-json\/wp\/v2\/comments?post=1987"}],"version-history":[{"count":3,"href":"https:\/\/leader.galcetateabucovinei.ro\/index.php\/wp-json\/wp\/v2\/posts\/1987\/revisions"}],"predecessor-version":[{"id":2735,"href":"https:\/\/leader.galcetateabucovinei.ro\/index.php\/wp-json\/wp\/v2\/posts\/1987\/revisions\/2735"}],"wp:attachment":[{"href":"https:\/\/leader.galcetateabucovinei.ro\/index.php\/wp-json\/wp\/v2\/media?parent=1987"}],"wp:term":[{"taxonomy":"category","embeddable":true,"href":"https:\/\/leader.galcetateabucovinei.ro\/index.php\/wp-json\/wp\/v2\/categories?post=1987"},{"taxonomy":"post_tag","embeddable":true,"href":"https:\/\/leader.galcetateabucovinei.ro\/index.php\/wp-json\/wp\/v2\/tags?post=1987"}],"curies":[{"name":"wp","href":"https:\/\/api.w.org\/{rel}","templated":true}]}}