{"id":3074,"date":"2025-03-19T10:49:27","date_gmt":"2025-03-19T10:49:27","guid":{"rendered":"https:\/\/leader.galcetateabucovinei.ro\/?p=3074"},"modified":"2025-03-19T10:49:27","modified_gmt":"2025-03-19T10:49:27","slug":"gal-cetatea-bucovinei-va-invita-in-la-sesiunea-de-informare-si-animare-despre-interventia-fse-din-orasul-milisauti-comuna-darmanesti-si-comuna-scheia","status":"publish","type":"post","link":"https:\/\/leader.galcetateabucovinei.ro\/index.php\/2025\/03\/19\/gal-cetatea-bucovinei-va-invita-in-la-sesiunea-de-informare-si-animare-despre-interventia-fse-din-orasul-milisauti-comuna-darmanesti-si-comuna-scheia\/","title":{"rendered":"GAL CETATEA BUCOVINEI v\u0103 invit\u0103 \u00een la sesiunea de informare \u0219i animare despre interven\u021bia FSE+ din ora\u0219ul Mili\u0219\u0103u\u021bi, comuna D\u0103rm\u0103ne\u0219ti \u0219i comuna \u0218cheia"},"content":{"rendered":"\n<figure class=\"wp-block-image size-large\"><img fetchpriority=\"high\" decoding=\"async\" width=\"724\" height=\"1024\" src=\"https:\/\/leader.galcetateabucovinei.ro\/wp-content\/uploads\/2025\/03\/fse-26.03-724x1024.jpg\" alt=\"\" class=\"wp-image-3075\" srcset=\"https:\/\/leader.galcetateabucovinei.ro\/wp-content\/uploads\/2025\/03\/fse-26.03-724x1024.jpg 724w, https:\/\/leader.galcetateabucovinei.ro\/wp-content\/uploads\/2025\/03\/fse-26.03-212x300.jpg 212w, https:\/\/leader.galcetateabucovinei.ro\/wp-content\/uploads\/2025\/03\/fse-26.03-768x1086.jpg 768w, https:\/\/leader.galcetateabucovinei.ro\/wp-content\/uploads\/2025\/03\/fse-26.03-1086x1536.jpg 1086w, https:\/\/leader.galcetateabucovinei.ro\/wp-content\/uploads\/2025\/03\/fse-26.03.jpg 1131w\" sizes=\"(max-width: 724px) 100vw, 724px\" \/><\/figure>\n\n\n\n<p class=\"has-small-font-size\"><\/p>\n","protected":false},"excerpt":{"rendered":"","protected":false},"author":1,"featured_media":0,"comment_status":"open","ping_status":"open","sticky":false,"template":"","format":"standard","meta":{"footnotes":""},"categories":[1],"tags":[],"class_list":["post-3074","post","type-post","status-publish","format-standard","hentry","category-uncategorized"],"_links":{"self":[{"href":"https:\/\/leader.galcetateabucovinei.ro\/index.php\/wp-json\/wp\/v2\/posts\/3074","targetHints":{"allow":["GET"]}}],"collection":[{"href":"https:\/\/leader.galcetateabucovinei.ro\/index.php\/wp-json\/wp\/v2\/posts"}],"about":[{"href":"https:\/\/leader.galcetateabucovinei.ro\/index.php\/wp-json\/wp\/v2\/types\/post"}],"author":[{"embeddable":true,"href":"https:\/\/leader.galcetateabucovinei.ro\/index.php\/wp-json\/wp\/v2\/users\/1"}],"replies":[{"embeddable":true,"href":"https:\/\/leader.galcetateabucovinei.ro\/index.php\/wp-json\/wp\/v2\/comments?post=3074"}],"version-history":[{"count":1,"href":"https:\/\/leader.galcetateabucovinei.ro\/index.php\/wp-json\/wp\/v2\/posts\/3074\/revisions"}],"predecessor-version":[{"id":3076,"href":"https:\/\/leader.galcetateabucovinei.ro\/index.php\/wp-json\/wp\/v2\/posts\/3074\/revisions\/3076"}],"wp:attachment":[{"href":"https:\/\/leader.galcetateabucovinei.ro\/index.php\/wp-json\/wp\/v2\/media?parent=3074"}],"wp:term":[{"taxonomy":"category","embeddable":true,"href":"https:\/\/leader.galcetateabucovinei.ro\/index.php\/wp-json\/wp\/v2\/categories?post=3074"},{"taxonomy":"post_tag","embeddable":true,"href":"https:\/\/leader.galcetateabucovinei.ro\/index.php\/wp-json\/wp\/v2\/tags?post=3074"}],"curies":[{"name":"wp","href":"https:\/\/api.w.org\/{rel}","templated":true}]}}