{"id":3307,"date":"2025-11-20T14:02:32","date_gmt":"2025-11-20T11:02:32","guid":{"rendered":"https:\/\/leader.galcetateabucovinei.ro\/?p=3307"},"modified":"2025-11-20T14:02:32","modified_gmt":"2025-11-20T11:02:32","slug":"gal-cetatea-bucovinei-va-invita-sa-participati-in-data-de-25-11-2025-marti-la-intalnirile-de-animare-organizate-in-preambulul-lansarii-apelului-de-selectie-pentru-interventia-sprijin-pentr","status":"publish","type":"post","link":"https:\/\/leader.galcetateabucovinei.ro\/index.php\/2025\/11\/20\/gal-cetatea-bucovinei-va-invita-sa-participati-in-data-de-25-11-2025-marti-la-intalnirile-de-animare-organizate-in-preambulul-lansarii-apelului-de-selectie-pentru-interventia-sprijin-pentr\/","title":{"rendered":"GAL Cetatea Bucovinei v\u0103 invit\u0103 s\u0103 participa\u021bi \u00een data de 25.11.2025 (Marti) la \u00eent\u00e2lnirile de animare organizate \u00een preambulul lans\u0103rii apelului de selec\u021bie pentru INTERVEN\u021aIA \u2013 Sprijin pentru \u00eenfiin\u0163area de activit\u0103\u0163i non-agricole \u00een teritoriul GAL (START-UP) din:"},"content":{"rendered":"\n<p><img decoding=\"async\" height=\"16\" width=\"16\" alt=\"\ud83d\udccd\" src=\"https:\/\/static.xx.fbcdn.net\/images\/emoji.php\/v9\/t2d\/1\/16\/1f4cd.png\"> Comuna B\u0103l\u0103ceana \u2013 25.11.2025, ora 09.30, Prim\u0103ria B\u0103l\u0103ceana<\/p>\n\n\n\n<p><img decoding=\"async\" height=\"16\" width=\"16\" alt=\"\ud83d\udccd\" src=\"https:\/\/static.xx.fbcdn.net\/images\/emoji.php\/v9\/t2d\/1\/16\/1f4cd.png\"> Comuna Ili\u0219e\u0219ti \u2013 25.11.2025, ora 10.30, Prim\u0103ria Ili\u0219e\u0219ti<\/p>\n\n\n\n<p><img decoding=\"async\" height=\"16\" width=\"16\" alt=\"\ud83d\udccd\" src=\"https:\/\/static.xx.fbcdn.net\/images\/emoji.php\/v9\/t2d\/1\/16\/1f4cd.png\"> Comuna Stroie\u0219ti \u2013 25.11.2025, ora 11.30, Prim\u0103ria Stroie\u0219ti<\/p>\n\n\n\n<p><img decoding=\"async\" height=\"16\" width=\"16\" alt=\"\ud83d\udccd\" src=\"https:\/\/static.xx.fbcdn.net\/images\/emoji.php\/v9\/t2d\/1\/16\/1f4cd.png\"> Comuna Moara \u2013 25.11.2025, ora 12.30, Prim\u0103ria Moara<\/p>\n\n\n\n<p>V\u0103 a\u0219tept\u0103m!<\/p>\n\n\n\n<div data-wp-interactive=\"core\/file\" class=\"wp-block-file\"><object data-wp-bind--hidden=\"!state.hasPdfPreview\" hidden class=\"wp-block-file__embed\" data=\"https:\/\/leader.galcetateabucovinei.ro\/wp-content\/uploads\/2025\/11\/Afis-25.11.pdf\" type=\"application\/pdf\" style=\"width:100%;height:600px\" aria-label=\"\u00cenglobare pentru Afis 25.11.\"><\/object><a id=\"wp-block-file--media-9ba2b7a0-de77-4052-9814-0d6a80dc28c2\" href=\"https:\/\/leader.galcetateabucovinei.ro\/wp-content\/uploads\/2025\/11\/Afis-25.11.pdf\">Afis 25.11<\/a><a href=\"https:\/\/leader.galcetateabucovinei.ro\/wp-content\/uploads\/2025\/11\/Afis-25.11.pdf\" class=\"wp-block-file__button wp-element-button\" download aria-describedby=\"wp-block-file--media-9ba2b7a0-de77-4052-9814-0d6a80dc28c2\">Descarc\u0103<\/a><\/div>\n","protected":false},"excerpt":{"rendered":"<p>Comuna B\u0103l\u0103ceana \u2013 25.11.2025, ora 09.30, Prim\u0103ria B\u0103l\u0103ceana Comuna Ili\u0219e\u0219ti \u2013 25.11.2025, ora 10.30, Prim\u0103ria Ili\u0219e\u0219ti Comuna Stroie\u0219ti \u2013 25.11.2025, ora 11.30, Prim\u0103ria Stroie\u0219ti Comuna Moara \u2013 25.11.2025, ora 12.30, [&hellip;]<\/p>\n","protected":false},"author":1,"featured_media":0,"comment_status":"open","ping_status":"open","sticky":false,"template":"","format":"standard","meta":{"footnotes":""},"categories":[1],"tags":[],"class_list":["post-3307","post","type-post","status-publish","format-standard","hentry","category-uncategorized"],"_links":{"self":[{"href":"https:\/\/leader.galcetateabucovinei.ro\/index.php\/wp-json\/wp\/v2\/posts\/3307","targetHints":{"allow":["GET"]}}],"collection":[{"href":"https:\/\/leader.galcetateabucovinei.ro\/index.php\/wp-json\/wp\/v2\/posts"}],"about":[{"href":"https:\/\/leader.galcetateabucovinei.ro\/index.php\/wp-json\/wp\/v2\/types\/post"}],"author":[{"embeddable":true,"href":"https:\/\/leader.galcetateabucovinei.ro\/index.php\/wp-json\/wp\/v2\/users\/1"}],"replies":[{"embeddable":true,"href":"https:\/\/leader.galcetateabucovinei.ro\/index.php\/wp-json\/wp\/v2\/comments?post=3307"}],"version-history":[{"count":1,"href":"https:\/\/leader.galcetateabucovinei.ro\/index.php\/wp-json\/wp\/v2\/posts\/3307\/revisions"}],"predecessor-version":[{"id":3310,"href":"https:\/\/leader.galcetateabucovinei.ro\/index.php\/wp-json\/wp\/v2\/posts\/3307\/revisions\/3310"}],"wp:attachment":[{"href":"https:\/\/leader.galcetateabucovinei.ro\/index.php\/wp-json\/wp\/v2\/media?parent=3307"}],"wp:term":[{"taxonomy":"category","embeddable":true,"href":"https:\/\/leader.galcetateabucovinei.ro\/index.php\/wp-json\/wp\/v2\/categories?post=3307"},{"taxonomy":"post_tag","embeddable":true,"href":"https:\/\/leader.galcetateabucovinei.ro\/index.php\/wp-json\/wp\/v2\/tags?post=3307"}],"curies":[{"name":"wp","href":"https:\/\/api.w.org\/{rel}","templated":true}]}}