{"id":3381,"date":"2025-11-21T12:25:22","date_gmt":"2025-11-21T09:25:22","guid":{"rendered":"https:\/\/leader.galcetateabucovinei.ro\/?p=3381"},"modified":"2025-11-21T12:25:22","modified_gmt":"2025-11-21T09:25:22","slug":"asociatia-grupul-de-actiune-locala-cetatea-bucovinei-anunta-ca-a-lansat-apel-de-selectie-pentru-interventia-sprijin-pentru-infiintarea-de-activitati-non-agricole-in-teritori","status":"publish","type":"post","link":"https:\/\/leader.galcetateabucovinei.ro\/index.php\/2025\/11\/21\/asociatia-grupul-de-actiune-locala-cetatea-bucovinei-anunta-ca-a-lansat-apel-de-selectie-pentru-interventia-sprijin-pentru-infiintarea-de-activitati-non-agricole-in-teritori\/","title":{"rendered":"ASOCIA\u021aIA \u201eGRUPUL DE AC\u021aIUNE LOCAL\u0102 CETATEA BUCOVINEI\u201d ANUN\u021a\u0102 C\u0102 A LANSAT APEL DE SELEC\u021aIE PENTRU INTERVEN\u021aIA \u201eSPRIJIN PENTRU \u00ceNFIIN\u0162AREA DE ACTIVIT\u0102\u0162I NON-AGRICOLE \u00ceN TERITORIUL GAL\u201d (START-UP)"},"content":{"rendered":"\n<div data-wp-interactive=\"core\/file\" class=\"wp-block-file\"><object data-wp-bind--hidden=\"!state.hasPdfPreview\" hidden class=\"wp-block-file__embed\" data=\"https:\/\/leader.galcetateabucovinei.ro\/wp-content\/uploads\/2025\/11\/anunt-apel-start-up.pdf\" type=\"application\/pdf\" style=\"width:100%;height:600px\" aria-label=\"\u00cenglobare pentru anunt apel start-up.\"><\/object><a id=\"wp-block-file--media-9f925027-2de7-4ad1-81ee-949f26435e65\" href=\"https:\/\/leader.galcetateabucovinei.ro\/wp-content\/uploads\/2025\/11\/anunt-apel-start-up.pdf\">anunt apel start-up<\/a><a href=\"https:\/\/leader.galcetateabucovinei.ro\/wp-content\/uploads\/2025\/11\/anunt-apel-start-up.pdf\" class=\"wp-block-file__button wp-element-button\" download aria-describedby=\"wp-block-file--media-9f925027-2de7-4ad1-81ee-949f26435e65\">Descarc\u0103<\/a><\/div>\n\n\n\n<p>Documentele apelului lansat pentru interventia \u201eSPRIJIN PENTRU \u00ceNFIIN\u0162AREA DE ACTIVIT\u0102\u0162I NON-AGRICOLE \u00ceN TERITORIUL GAL\u201d (START-UP) le gasiti postate accesand: <a href=\"https:\/\/leader.galcetateabucovinei.ro\/index.php\/sprijin-pentru-infiintarea-de-activitati-non-agricole-in-teritoriul-gal\/\">https:\/\/leader.galcetateabucovinei.ro\/index.php\/sprijin-pentru-infiintarea-de-activitati-non-agricole-in-teritoriul-gal\/<\/a><\/p>\n\n\n\n<p><\/p>\n","protected":false},"excerpt":{"rendered":"<p>Documentele apelului lansat pentru interventia \u201eSPRIJIN PENTRU \u00ceNFIIN\u0162AREA DE ACTIVIT\u0102\u0162I NON-AGRICOLE \u00ceN TERITORIUL GAL\u201d (START-UP) le gasiti postate accesand: https:\/\/leader.galcetateabucovinei.ro\/index.php\/sprijin-pentru-infiintarea-de-activitati-non-agricole-in-teritoriul-gal\/<\/p>\n","protected":false},"author":1,"featured_media":0,"comment_status":"open","ping_status":"open","sticky":false,"template":"","format":"standard","meta":{"footnotes":""},"categories":[1],"tags":[],"class_list":["post-3381","post","type-post","status-publish","format-standard","hentry","category-uncategorized"],"_links":{"self":[{"href":"https:\/\/leader.galcetateabucovinei.ro\/index.php\/wp-json\/wp\/v2\/posts\/3381","targetHints":{"allow":["GET"]}}],"collection":[{"href":"https:\/\/leader.galcetateabucovinei.ro\/index.php\/wp-json\/wp\/v2\/posts"}],"about":[{"href":"https:\/\/leader.galcetateabucovinei.ro\/index.php\/wp-json\/wp\/v2\/types\/post"}],"author":[{"embeddable":true,"href":"https:\/\/leader.galcetateabucovinei.ro\/index.php\/wp-json\/wp\/v2\/users\/1"}],"replies":[{"embeddable":true,"href":"https:\/\/leader.galcetateabucovinei.ro\/index.php\/wp-json\/wp\/v2\/comments?post=3381"}],"version-history":[{"count":1,"href":"https:\/\/leader.galcetateabucovinei.ro\/index.php\/wp-json\/wp\/v2\/posts\/3381\/revisions"}],"predecessor-version":[{"id":3382,"href":"https:\/\/leader.galcetateabucovinei.ro\/index.php\/wp-json\/wp\/v2\/posts\/3381\/revisions\/3382"}],"wp:attachment":[{"href":"https:\/\/leader.galcetateabucovinei.ro\/index.php\/wp-json\/wp\/v2\/media?parent=3381"}],"wp:term":[{"taxonomy":"category","embeddable":true,"href":"https:\/\/leader.galcetateabucovinei.ro\/index.php\/wp-json\/wp\/v2\/categories?post=3381"},{"taxonomy":"post_tag","embeddable":true,"href":"https:\/\/leader.galcetateabucovinei.ro\/index.php\/wp-json\/wp\/v2\/tags?post=3381"}],"curies":[{"name":"wp","href":"https:\/\/api.w.org\/{rel}","templated":true}]}}